{"@context":"https:\/\/schema.org\/","@type":"CollectionPage","@id":"https:\/\/www.carmela.cz\/auto-moto\/#CollectionPage","headline":"Auto moto Category","description":"","url":"https:\/\/www.carmela.cz\/auto-moto\/","hasPart":[{"@type":"Article","@id":"https:\/\/www.carmela.cz\/x-raid-aneb-tak-trochu-jako-mercedes-g63-amg-ve-zcela-novem-pojeti\/","headline":"X-RAID aneb tak trochu jako Mercedes G63 AMG ve zcela nov\u00e9m pojet\u00ed","url":"https:\/\/www.carmela.cz\/x-raid-aneb-tak-trochu-jako-mercedes-g63-amg-ve-zcela-novem-pojeti\/","datePublished":"2025-03-06","dateModified":"2023-04-29","mainEntityOfPage":"https:\/\/www.carmela.cz\/x-raid-aneb-tak-trochu-jako-mercedes-g63-amg-ve-zcela-novem-pojeti\/","author":{"@type":"Person","@id":"https:\/\/www.carmela.cz\/author\/#Person","name":"carmela.cz\n","url":"https:\/\/www.carmela.cz\/author\/","identifier":1,"image":{"@type":"ImageObject","@id":"https:\/\/secure.gravatar.com\/avatar\/c36ac855b1ee9cce96e09824fb5426d6eaccd04233fbf51e04e067ccd1b5fe13?s=96&d=mm&r=g","url":"https:\/\/secure.gravatar.com\/avatar\/c36ac855b1ee9cce96e09824fb5426d6eaccd04233fbf51e04e067ccd1b5fe13?s=96&d=mm&r=g","height":96,"width":96}},"publisher":{"@type":"Organization","name":"carmela.cz","logo":{"@type":"ImageObject","@id":"\/logo.png","url":"\/logo.png","width":600,"height":60}},"image":{"@type":"ImageObject","@id":"https:\/\/www.carmela.cz\/wp-content\/uploads\/img_a300050_w1968_t1510139372.jpg","url":"https:\/\/www.carmela.cz\/wp-content\/uploads\/img_a300050_w1968_t1510139372.jpg","height":0,"width":0},"keywords":null},{"@type":"Article","@id":"https:\/\/www.carmela.cz\/bmw-r-nine-t-aneb-jeho-unikatnost-a-nekomplikovanost\/","headline":"BMW R nine T aneb jeho unik\u00e1tnost a nekomplikovanost","url":"https:\/\/www.carmela.cz\/bmw-r-nine-t-aneb-jeho-unikatnost-a-nekomplikovanost\/","datePublished":"2025-03-04","dateModified":"2023-04-29","mainEntityOfPage":"https:\/\/www.carmela.cz\/bmw-r-nine-t-aneb-jeho-unikatnost-a-nekomplikovanost\/","author":{"@type":"Person","@id":"https:\/\/www.carmela.cz\/author\/#Person","name":"carmela.cz\n","url":"https:\/\/www.carmela.cz\/author\/","identifier":1,"image":{"@type":"ImageObject","@id":"https:\/\/secure.gravatar.com\/avatar\/c36ac855b1ee9cce96e09824fb5426d6eaccd04233fbf51e04e067ccd1b5fe13?s=96&d=mm&r=g","url":"https:\/\/secure.gravatar.com\/avatar\/c36ac855b1ee9cce96e09824fb5426d6eaccd04233fbf51e04e067ccd1b5fe13?s=96&d=mm&r=g","height":96,"width":96}},"publisher":{"@type":"Organization","name":"carmela.cz","logo":{"@type":"ImageObject","@id":"\/logo.png","url":"\/logo.png","width":600,"height":60}},"image":{"@type":"ImageObject","@id":"https:\/\/www.carmela.cz\/wp-content\/uploads\/img_a299893_w1968_t1509958858.jpg","url":"https:\/\/www.carmela.cz\/wp-content\/uploads\/img_a299893_w1968_t1509958858.jpg","height":0,"width":0},"keywords":null},{"@type":"Article","@id":"https:\/\/www.carmela.cz\/ojete-auto-snadno-a-jednoduse\/","headline":"Ojet\u00e9 auto? Snadno a jednodu\u0161e!","url":"https:\/\/www.carmela.cz\/ojete-auto-snadno-a-jednoduse\/","datePublished":"2025-03-04","dateModified":"2023-04-29","mainEntityOfPage":"https:\/\/www.carmela.cz\/ojete-auto-snadno-a-jednoduse\/","author":{"@type":"Person","@id":"https:\/\/www.carmela.cz\/author\/#Person","name":"carmela.cz\n","url":"https:\/\/www.carmela.cz\/author\/","identifier":1,"image":{"@type":"ImageObject","@id":"https:\/\/secure.gravatar.com\/avatar\/c36ac855b1ee9cce96e09824fb5426d6eaccd04233fbf51e04e067ccd1b5fe13?s=96&d=mm&r=g","url":"https:\/\/secure.gravatar.com\/avatar\/c36ac855b1ee9cce96e09824fb5426d6eaccd04233fbf51e04e067ccd1b5fe13?s=96&d=mm&r=g","height":96,"width":96}},"publisher":{"@type":"Organization","name":"carmela.cz","logo":{"@type":"ImageObject","@id":"\/logo.png","url":"\/logo.png","width":600,"height":60}},"image":{"@type":"ImageObject","@id":"https:\/\/www.carmela.cz\/wp-content\/uploads\/img_a288004_w1968_t1498501244.jpg","url":"https:\/\/www.carmela.cz\/wp-content\/uploads\/img_a288004_w1968_t1498501244.jpg","height":0,"width":0},"keywords":null},{"@type":"Article","@id":"https:\/\/www.carmela.cz\/ztrata-ridicskeho-opravneni\/","headline":"Ztr\u00e1ta \u0159idi\u010dsk\u00e9ho opr\u00e1vn\u011bn\u00ed","url":"https:\/\/www.carmela.cz\/ztrata-ridicskeho-opravneni\/","datePublished":"2025-03-03","dateModified":"2023-04-29","mainEntityOfPage":"https:\/\/www.carmela.cz\/ztrata-ridicskeho-opravneni\/","author":{"@type":"Person","@id":"https:\/\/www.carmela.cz\/author\/#Person","name":"carmela.cz\n","url":"https:\/\/www.carmela.cz\/author\/","identifier":1,"image":{"@type":"ImageObject","@id":"https:\/\/secure.gravatar.com\/avatar\/c36ac855b1ee9cce96e09824fb5426d6eaccd04233fbf51e04e067ccd1b5fe13?s=96&d=mm&r=g","url":"https:\/\/secure.gravatar.com\/avatar\/c36ac855b1ee9cce96e09824fb5426d6eaccd04233fbf51e04e067ccd1b5fe13?s=96&d=mm&r=g","height":96,"width":96}},"publisher":{"@type":"Organization","name":"carmela.cz","logo":{"@type":"ImageObject","@id":"\/logo.png","url":"\/logo.png","width":600,"height":60}},"image":{"@type":"ImageObject","@id":"https:\/\/www.carmela.cz\/wp-content\/uploads\/img_a313446_w1968_t1524167938.jpg","url":"https:\/\/www.carmela.cz\/wp-content\/uploads\/img_a313446_w1968_t1524167938.jpg","height":0,"width":0},"keywords":null},{"@type":"Article","@id":"https:\/\/www.carmela.cz\/do-auta-pred-sto-dvaceti-lety-pouze-s-kuklou-a-brylemi\/","headline":"Do auta p\u0159ed sto dvaceti lety pouze s kuklou a br\u00fdlemi","url":"https:\/\/www.carmela.cz\/do-auta-pred-sto-dvaceti-lety-pouze-s-kuklou-a-brylemi\/","datePublished":"2019-06-27","dateModified":"2023-04-29","mainEntityOfPage":"https:\/\/www.carmela.cz\/do-auta-pred-sto-dvaceti-lety-pouze-s-kuklou-a-brylemi\/","author":{"@type":"Person","@id":"https:\/\/www.carmela.cz\/author\/#Person","name":"carmela.cz\n","url":"https:\/\/www.carmela.cz\/author\/","identifier":1,"image":{"@type":"ImageObject","@id":"https:\/\/secure.gravatar.com\/avatar\/c36ac855b1ee9cce96e09824fb5426d6eaccd04233fbf51e04e067ccd1b5fe13?s=96&d=mm&r=g","url":"https:\/\/secure.gravatar.com\/avatar\/c36ac855b1ee9cce96e09824fb5426d6eaccd04233fbf51e04e067ccd1b5fe13?s=96&d=mm&r=g","height":96,"width":96}},"publisher":{"@type":"Organization","name":"carmela.cz","logo":{"@type":"ImageObject","@id":"\/logo.png","url":"\/logo.png","width":600,"height":60}},"image":{"@type":"ImageObject","@id":"https:\/\/www.carmela.cz\/wp-content\/uploads\/img_a346024_w1968_t1560014542.jpg","url":"https:\/\/www.carmela.cz\/wp-content\/uploads\/img_a346024_w1968_t1560014542.jpg","height":0,"width":0},"keywords":null},{"@type":"Article","@id":"https:\/\/www.carmela.cz\/ojetina-z-venku\/","headline":"Ojetina z venku","url":"https:\/\/www.carmela.cz\/ojetina-z-venku\/","datePublished":"2018-08-20","dateModified":"2023-04-29","mainEntityOfPage":"https:\/\/www.carmela.cz\/ojetina-z-venku\/","author":{"@type":"Person","@id":"https:\/\/www.carmela.cz\/author\/#Person","name":"carmela.cz\n","url":"https:\/\/www.carmela.cz\/author\/","identifier":1,"image":{"@type":"ImageObject","@id":"https:\/\/secure.gravatar.com\/avatar\/c36ac855b1ee9cce96e09824fb5426d6eaccd04233fbf51e04e067ccd1b5fe13?s=96&d=mm&r=g","url":"https:\/\/secure.gravatar.com\/avatar\/c36ac855b1ee9cce96e09824fb5426d6eaccd04233fbf51e04e067ccd1b5fe13?s=96&d=mm&r=g","height":96,"width":96}},"publisher":{"@type":"Organization","name":"carmela.cz","logo":{"@type":"ImageObject","@id":"\/logo.png","url":"\/logo.png","width":600,"height":60}},"image":{"@type":"ImageObject","@id":"https:\/\/www.carmela.cz\/wp-content\/uploads\/img_a323200_w1968_t1534964349.jpg","url":"https:\/\/www.carmela.cz\/wp-content\/uploads\/img_a323200_w1968_t1534964349.jpg","height":0,"width":0},"keywords":null}]}