[{"@context":"https:\/\/schema.org\/","@type":"Article","@id":"https:\/\/www.carmela.cz\/dejte-o-sobe-vedet\/#Article","mainEntityOfPage":"https:\/\/www.carmela.cz\/dejte-o-sobe-vedet\/","headline":"Dejte o sob\u011b v\u011bd\u011bt","name":"Dejte o sob\u011b v\u011bd\u011bt","description":"Ka\u017ed\u00fd podnikatel chce, aby m\u011bl co nejv\u011bt\u0161\u00ed zisky. Mus\u00ed pro to ale tak\u00e9 n\u011bco ud\u011blat, a ne\u010dekat, a\u017e se mu z\u00e1kazn\u00edci sami pohrnou. Vyrob\u00edme v\u00e1m propagaci, kter\u00e1 v\u00e1m pom\u016f\u017ee z\u00e1kazn\u00edky zaujmout, a kte\u0159\u00ed v\u00e1s budou vyhled\u00e1vat. S reklamn\u00edm textilem bude va\u0161e propagace snadn\u00e1, a hlavn\u011b velmi dob\u0159e viditeln\u00e1. Do oble\u010den\u00ed, kter\u00e9 bude obsahovat n\u00e1zev va\u0161\u00ed [&hellip;]","datePublished":"2025-09-03","dateModified":"2025-09-03","author":{"@type":"Person","@id":"https:\/\/www.carmela.cz\/author\/#Person","name":"carmela.cz\n","url":"https:\/\/www.carmela.cz\/author\/","identifier":1,"image":{"@type":"ImageObject","@id":"https:\/\/secure.gravatar.com\/avatar\/c36ac855b1ee9cce96e09824fb5426d6eaccd04233fbf51e04e067ccd1b5fe13?s=96&d=mm&r=g","url":"https:\/\/secure.gravatar.com\/avatar\/c36ac855b1ee9cce96e09824fb5426d6eaccd04233fbf51e04e067ccd1b5fe13?s=96&d=mm&r=g","height":96,"width":96}},"publisher":{"@type":"Organization","name":"carmela.cz","logo":{"@type":"ImageObject","@id":"\/logo.png","url":"\/logo.png","width":600,"height":60}},"url":"https:\/\/www.carmela.cz\/dejte-o-sobe-vedet\/","wordCount":209,"articleBody":"Ka\u017ed\u00fd podnikatel chce, aby m\u011bl co nejv\u011bt\u0161\u00ed zisky. Mus\u00ed pro to ale tak\u00e9 n\u011bco ud\u011blat, a ne\u010dekat, a\u017e se mu z\u00e1kazn\u00edci sami pohrnou. Vyrob\u00edme v\u00e1m propagaci, kter\u00e1 v\u00e1m pom\u016f\u017ee z\u00e1kazn\u00edky zaujmout, a kte\u0159\u00ed v\u00e1s budou vyhled\u00e1vat. S reklamn\u00edm textilem bude va\u0161e propagace snadn\u00e1, a hlavn\u011b velmi dob\u0159e viditeln\u00e1. Do oble\u010den\u00ed, kter\u00e9 bude obsahovat n\u00e1zev va\u0161\u00ed firmy a p\u0159\u00edpadn\u011b logo nebo kontaktn\u00ed \u00fadaje, mohou b\u011bhem pracovn\u00ed doby p\u0159ich\u00e1zet do styku pr\u00e1v\u011b st\u00e1vaj\u00edc\u00ed z\u00e1kazn\u00edci, a i ti nov\u00ed. Ob\u011b skupiny lid\u00ed si budou podv\u011bdom\u011b pamatovat \u00fadaje na oble\u010den\u00ed zam\u011bstnanc\u016f, a nebudou tak m\u00edt probl\u00e9m v\u00e1s nad\u00e1le vyhled\u00e1vat. Letn\u00ed i zimn\u00ed P\u0159ijde v\u00e1m tento druh propagace jako velmi dobr\u00fd a \u00fa\u010dinn\u00fd? Vyzkou\u0161ejte jeho vliv na v\u00e1\u0161 podnik i vy. Vyberte u n\u00e1s oble\u010den\u00ed, kter\u00e9 va\u0161i zam\u011bstnanci ocen\u00ed, m\u00e1me k dispozici velk\u00fd po\u010det tri\u010dek, leg\u00edn, i fleecov\u00fdch zimn\u00edch bund. Vyberte si z na\u0161eho katalogu, a pak u\u017e n\u00e1m jen zadejte to, co chcete, abychom v\u00e1m na oble\u010den\u00ed natiskli.                                                                                                                                                                                                                                                                                                                                                                                                "},{"@context":"https:\/\/schema.org\/","@type":"BreadcrumbList","itemListElement":[{"@type":"ListItem","position":1,"name":"Dejte o sob\u011b v\u011bd\u011bt","item":"https:\/\/www.carmela.cz\/dejte-o-sobe-vedet\/#breadcrumbitem"}]}]