{"@context":"https:\/\/schema.org\/","@type":"CollectionPage","@id":"https:\/\/www.carmela.cz\/ekonomika\/#CollectionPage","headline":"Ekonomika Category","description":"","url":"https:\/\/www.carmela.cz\/ekonomika\/","hasPart":[{"@type":"Article","@id":"https:\/\/www.carmela.cz\/jak-zachranit-nevynosny-podnik\/","headline":"Jak zachr\u00e1nit nev\u00fdnosn\u00fd podnik?","url":"https:\/\/www.carmela.cz\/jak-zachranit-nevynosny-podnik\/","datePublished":"2026-01-05","dateModified":"2026-01-05","mainEntityOfPage":"https:\/\/www.carmela.cz\/jak-zachranit-nevynosny-podnik\/","author":{"@type":"Person","@id":"https:\/\/www.carmela.cz\/author\/#Person","name":"carmela.cz\n","url":"https:\/\/www.carmela.cz\/author\/","identifier":1,"image":{"@type":"ImageObject","@id":"https:\/\/secure.gravatar.com\/avatar\/c36ac855b1ee9cce96e09824fb5426d6eaccd04233fbf51e04e067ccd1b5fe13?s=96&d=mm&r=g","url":"https:\/\/secure.gravatar.com\/avatar\/c36ac855b1ee9cce96e09824fb5426d6eaccd04233fbf51e04e067ccd1b5fe13?s=96&d=mm&r=g","height":96,"width":96}},"publisher":{"@type":"Organization","name":"carmela.cz","logo":{"@type":"ImageObject","@id":"\/logo.png","url":"\/logo.png","width":600,"height":60}},"image":{"@type":"ImageObject","@id":"https:\/\/www.carmela.cz\/wp-content\/uploads\/pppppppppppppppppppppppppppppppp_10_10_10_3.jpg","url":"https:\/\/www.carmela.cz\/wp-content\/uploads\/pppppppppppppppppppppppppppppppp_10_10_10_3.jpg","height":0,"width":0},"keywords":null},{"@type":"Article","@id":"https:\/\/www.carmela.cz\/jdeme-do-banky\/","headline":"Jdeme do banky?","url":"https:\/\/www.carmela.cz\/jdeme-do-banky\/","datePublished":"2025-06-06","dateModified":"2025-06-06","mainEntityOfPage":"https:\/\/www.carmela.cz\/jdeme-do-banky\/","author":{"@type":"Person","@id":"https:\/\/www.carmela.cz\/author\/#Person","name":"carmela.cz\n","url":"https:\/\/www.carmela.cz\/author\/","identifier":1,"image":{"@type":"ImageObject","@id":"https:\/\/secure.gravatar.com\/avatar\/c36ac855b1ee9cce96e09824fb5426d6eaccd04233fbf51e04e067ccd1b5fe13?s=96&d=mm&r=g","url":"https:\/\/secure.gravatar.com\/avatar\/c36ac855b1ee9cce96e09824fb5426d6eaccd04233fbf51e04e067ccd1b5fe13?s=96&d=mm&r=g","height":96,"width":96}},"publisher":{"@type":"Organization","name":"carmela.cz","logo":{"@type":"ImageObject","@id":"\/logo.png","url":"\/logo.png","width":600,"height":60}},"image":{"@type":"ImageObject","@id":"https:\/\/www.carmela.cz\/wp-content\/uploads\/money-3536347_640.jpg","url":"https:\/\/www.carmela.cz\/wp-content\/uploads\/money-3536347_640.jpg","height":0,"width":0},"keywords":null},{"@type":"Article","@id":"https:\/\/www.carmela.cz\/ekonomika-zitrka-monopolisticka-konkurence\/","headline":"Ekonomika z\u00edt\u0159ka \u2013 monopolistick\u00e1 konkurence","url":"https:\/\/www.carmela.cz\/ekonomika-zitrka-monopolisticka-konkurence\/","datePublished":"2025-03-03","dateModified":"2023-04-29","mainEntityOfPage":"https:\/\/www.carmela.cz\/ekonomika-zitrka-monopolisticka-konkurence\/","author":{"@type":"Person","@id":"https:\/\/www.carmela.cz\/author\/#Person","name":"carmela.cz\n","url":"https:\/\/www.carmela.cz\/author\/","identifier":1,"image":{"@type":"ImageObject","@id":"https:\/\/secure.gravatar.com\/avatar\/c36ac855b1ee9cce96e09824fb5426d6eaccd04233fbf51e04e067ccd1b5fe13?s=96&d=mm&r=g","url":"https:\/\/secure.gravatar.com\/avatar\/c36ac855b1ee9cce96e09824fb5426d6eaccd04233fbf51e04e067ccd1b5fe13?s=96&d=mm&r=g","height":96,"width":96}},"publisher":{"@type":"Organization","name":"carmela.cz","logo":{"@type":"ImageObject","@id":"\/logo.png","url":"\/logo.png","width":600,"height":60}},"image":{"@type":"ImageObject","@id":"https:\/\/www.carmela.cz\/wp-content\/uploads\/img_a303267_w1968_t1513546916.jpg","url":"https:\/\/www.carmela.cz\/wp-content\/uploads\/img_a303267_w1968_t1513546916.jpg","height":0,"width":0},"keywords":null},{"@type":"Article","@id":"https:\/\/www.carmela.cz\/ekonomika\/","headline":"Ekonomika","url":"https:\/\/www.carmela.cz\/ekonomika\/","datePublished":"2025-03-02","dateModified":"2023-04-29","mainEntityOfPage":"https:\/\/www.carmela.cz\/ekonomika\/","author":{"@type":"Person","@id":"https:\/\/www.carmela.cz\/author\/#Person","name":"carmela.cz\n","url":"https:\/\/www.carmela.cz\/author\/","identifier":1,"image":{"@type":"ImageObject","@id":"https:\/\/secure.gravatar.com\/avatar\/c36ac855b1ee9cce96e09824fb5426d6eaccd04233fbf51e04e067ccd1b5fe13?s=96&d=mm&r=g","url":"https:\/\/secure.gravatar.com\/avatar\/c36ac855b1ee9cce96e09824fb5426d6eaccd04233fbf51e04e067ccd1b5fe13?s=96&d=mm&r=g","height":96,"width":96}},"publisher":{"@type":"Organization","name":"carmela.cz","logo":{"@type":"ImageObject","@id":"\/logo.png","url":"\/logo.png","width":600,"height":60}},"image":{"@type":"ImageObject","@id":"https:\/\/www.carmela.cz\/wp-content\/uploads\/img_a321590_w1968_t1532851072.jpg","url":"https:\/\/www.carmela.cz\/wp-content\/uploads\/img_a321590_w1968_t1532851072.jpg","height":0,"width":0},"keywords":null},{"@type":"Article","@id":"https:\/\/www.carmela.cz\/kde-si-pujcit-na-podnikani\/","headline":"Kde si p\u016fj\u010dit na podnik\u00e1n\u00ed?","url":"https:\/\/www.carmela.cz\/kde-si-pujcit-na-podnikani\/","datePublished":"2022-07-11","dateModified":"2023-04-29","mainEntityOfPage":"https:\/\/www.carmela.cz\/kde-si-pujcit-na-podnikani\/","author":{"@type":"Person","@id":"https:\/\/www.carmela.cz\/author\/#Person","name":"carmela.cz\n","url":"https:\/\/www.carmela.cz\/author\/","identifier":1,"image":{"@type":"ImageObject","@id":"https:\/\/secure.gravatar.com\/avatar\/c36ac855b1ee9cce96e09824fb5426d6eaccd04233fbf51e04e067ccd1b5fe13?s=96&d=mm&r=g","url":"https:\/\/secure.gravatar.com\/avatar\/c36ac855b1ee9cce96e09824fb5426d6eaccd04233fbf51e04e067ccd1b5fe13?s=96&d=mm&r=g","height":96,"width":96}},"publisher":{"@type":"Organization","name":"carmela.cz","logo":{"@type":"ImageObject","@id":"\/logo.png","url":"\/logo.png","width":600,"height":60}},"image":{"@type":"ImageObject","@id":"https:\/\/www.carmela.cz\/wp-content\/uploads\/hrom%C3%A1dky%20minc%C3%AD_1.jpg","url":"https:\/\/www.carmela.cz\/wp-content\/uploads\/hrom%C3%A1dky%20minc%C3%AD_1.jpg","height":0,"width":0},"keywords":null},{"@type":"Article","@id":"https:\/\/www.carmela.cz\/podnikani-souvisi-s-penezi\/","headline":"Podnik\u00e1n\u00ed souvis\u00ed s pen\u011bzi","url":"https:\/\/www.carmela.cz\/podnikani-souvisi-s-penezi\/","datePublished":"2022-03-06","dateModified":"2023-04-29","mainEntityOfPage":"https:\/\/www.carmela.cz\/podnikani-souvisi-s-penezi\/","author":{"@type":"Person","@id":"https:\/\/www.carmela.cz\/author\/#Person","name":"carmela.cz\n","url":"https:\/\/www.carmela.cz\/author\/","identifier":1,"image":{"@type":"ImageObject","@id":"https:\/\/secure.gravatar.com\/avatar\/c36ac855b1ee9cce96e09824fb5426d6eaccd04233fbf51e04e067ccd1b5fe13?s=96&d=mm&r=g","url":"https:\/\/secure.gravatar.com\/avatar\/c36ac855b1ee9cce96e09824fb5426d6eaccd04233fbf51e04e067ccd1b5fe13?s=96&d=mm&r=g","height":96,"width":96}},"publisher":{"@type":"Organization","name":"carmela.cz","logo":{"@type":"ImageObject","@id":"\/logo.png","url":"\/logo.png","width":600,"height":60}},"image":{"@type":"ImageObject","@id":"https:\/\/www.carmela.cz\/wp-content\/uploads\/pov%C4%9B%C5%A1en%C3%A1%20eura.png","url":"https:\/\/www.carmela.cz\/wp-content\/uploads\/pov%C4%9B%C5%A1en%C3%A1%20eura.png","height":0,"width":0},"keywords":null},{"@type":"Article","@id":"https:\/\/www.carmela.cz\/pokud-jde-o-penize-mit-prehled-je-zaklad\/","headline":"Pokud jde o pen\u00edze, m\u00edt p\u0159ehled je z\u00e1klad","url":"https:\/\/www.carmela.cz\/pokud-jde-o-penize-mit-prehled-je-zaklad\/","datePublished":"2019-11-22","dateModified":"2023-04-29","mainEntityOfPage":"https:\/\/www.carmela.cz\/pokud-jde-o-penize-mit-prehled-je-zaklad\/","author":{"@type":"Person","@id":"https:\/\/www.carmela.cz\/author\/#Person","name":"carmela.cz\n","url":"https:\/\/www.carmela.cz\/author\/","identifier":1,"image":{"@type":"ImageObject","@id":"https:\/\/secure.gravatar.com\/avatar\/c36ac855b1ee9cce96e09824fb5426d6eaccd04233fbf51e04e067ccd1b5fe13?s=96&d=mm&r=g","url":"https:\/\/secure.gravatar.com\/avatar\/c36ac855b1ee9cce96e09824fb5426d6eaccd04233fbf51e04e067ccd1b5fe13?s=96&d=mm&r=g","height":96,"width":96}},"publisher":{"@type":"Organization","name":"carmela.cz","logo":{"@type":"ImageObject","@id":"\/logo.png","url":"\/logo.png","width":600,"height":60}},"image":{"@type":"ImageObject","@id":"https:\/\/www.carmela.cz\/wp-content\/uploads\/img_a370431_w1968_t1582105541.jpg","url":"https:\/\/www.carmela.cz\/wp-content\/uploads\/img_a370431_w1968_t1582105541.jpg","height":0,"width":0},"keywords":null},{"@type":"Article","@id":"https:\/\/www.carmela.cz\/pujcka-musi-pomahat\/","headline":"P\u016fj\u010dka mus\u00ed pom\u00e1hat","url":"https:\/\/www.carmela.cz\/pujcka-musi-pomahat\/","datePublished":"2019-09-10","dateModified":"2023-04-29","mainEntityOfPage":"https:\/\/www.carmela.cz\/pujcka-musi-pomahat\/","author":{"@type":"Person","@id":"https:\/\/www.carmela.cz\/author\/#Person","name":"carmela.cz\n","url":"https:\/\/www.carmela.cz\/author\/","identifier":1,"image":{"@type":"ImageObject","@id":"https:\/\/secure.gravatar.com\/avatar\/c36ac855b1ee9cce96e09824fb5426d6eaccd04233fbf51e04e067ccd1b5fe13?s=96&d=mm&r=g","url":"https:\/\/secure.gravatar.com\/avatar\/c36ac855b1ee9cce96e09824fb5426d6eaccd04233fbf51e04e067ccd1b5fe13?s=96&d=mm&r=g","height":96,"width":96}},"publisher":{"@type":"Organization","name":"carmela.cz","logo":{"@type":"ImageObject","@id":"\/logo.png","url":"\/logo.png","width":600,"height":60}},"image":{"@type":"ImageObject","@id":"https:\/\/www.carmela.cz\/wp-content\/uploads\/img_a352453_w1754_t1566986368.jpg","url":"https:\/\/www.carmela.cz\/wp-content\/uploads\/img_a352453_w1754_t1566986368.jpg","height":0,"width":0},"keywords":null},{"@type":"Article","@id":"https:\/\/www.carmela.cz\/ktera-pujcka-je-ta-prava\/","headline":"Kter\u00e1 p\u016fj\u010dka je ta prav\u00e1?","url":"https:\/\/www.carmela.cz\/ktera-pujcka-je-ta-prava\/","datePublished":"2019-08-18","dateModified":"2023-04-29","mainEntityOfPage":"https:\/\/www.carmela.cz\/ktera-pujcka-je-ta-prava\/","author":{"@type":"Person","@id":"https:\/\/www.carmela.cz\/author\/#Person","name":"carmela.cz\n","url":"https:\/\/www.carmela.cz\/author\/","identifier":1,"image":{"@type":"ImageObject","@id":"https:\/\/secure.gravatar.com\/avatar\/c36ac855b1ee9cce96e09824fb5426d6eaccd04233fbf51e04e067ccd1b5fe13?s=96&d=mm&r=g","url":"https:\/\/secure.gravatar.com\/avatar\/c36ac855b1ee9cce96e09824fb5426d6eaccd04233fbf51e04e067ccd1b5fe13?s=96&d=mm&r=g","height":96,"width":96}},"publisher":{"@type":"Organization","name":"carmela.cz","logo":{"@type":"ImageObject","@id":"\/logo.png","url":"\/logo.png","width":600,"height":60}},"image":{"@type":"ImageObject","@id":"https:\/\/www.carmela.cz\/wp-content\/uploads\/img_a359965_w1968_t1573847200.jpg","url":"https:\/\/www.carmela.cz\/wp-content\/uploads\/img_a359965_w1968_t1573847200.jpg","height":0,"width":0},"keywords":null},{"@type":"Article","@id":"https:\/\/www.carmela.cz\/hypoteka-urcena-nejen-na-bydleni\/","headline":"Hypot\u00e9ka ur\u010dena nejen na bydlen\u00ed","url":"https:\/\/www.carmela.cz\/hypoteka-urcena-nejen-na-bydleni\/","datePublished":"2018-12-16","dateModified":"2023-04-29","mainEntityOfPage":"https:\/\/www.carmela.cz\/hypoteka-urcena-nejen-na-bydleni\/","author":{"@type":"Person","@id":"https:\/\/www.carmela.cz\/author\/#Person","name":"carmela.cz\n","url":"https:\/\/www.carmela.cz\/author\/","identifier":1,"image":{"@type":"ImageObject","@id":"https:\/\/secure.gravatar.com\/avatar\/c36ac855b1ee9cce96e09824fb5426d6eaccd04233fbf51e04e067ccd1b5fe13?s=96&d=mm&r=g","url":"https:\/\/secure.gravatar.com\/avatar\/c36ac855b1ee9cce96e09824fb5426d6eaccd04233fbf51e04e067ccd1b5fe13?s=96&d=mm&r=g","height":96,"width":96}},"publisher":{"@type":"Organization","name":"carmela.cz","logo":{"@type":"ImageObject","@id":"\/logo.png","url":"\/logo.png","width":600,"height":60}},"image":{"@type":"ImageObject","@id":"https:\/\/www.carmela.cz\/wp-content\/uploads\/img_a333214_w1737_t1546597507.jpg","url":"https:\/\/www.carmela.cz\/wp-content\/uploads\/img_a333214_w1737_t1546597507.jpg","height":0,"width":0},"keywords":null}]}