[{"@context":"https:\/\/schema.org\/","@type":"Article","@id":"https:\/\/www.carmela.cz\/jarni-modely-pripravit\/#Article","mainEntityOfPage":"https:\/\/www.carmela.cz\/jarni-modely-pripravit\/","headline":"Jarn\u00ed modely p\u0159ipravit!","name":"Jarn\u00ed modely p\u0159ipravit!","description":"Ne\u017e v\u0161ak za\u010dneme s v\u00fdm\u011bnou \u0161atn\u00edku, pot\u0159ebujeme si b\u00fdt jist\u00e9, \u017ee opravdu je tu jaro v cel\u00e9 sv\u00e9 par\u00e1d\u011b. Pokud u\u017e v\u00edme, \u017ee jaro je tu, zpravidla v\u0161echny to provedeme stejn\u011b. Za hezk\u00e9ho dne vynd\u00e1me za sk\u0159\u00edn\u00ed v\u0161echno oble\u010den\u00ed, sk\u0159\u00edn\u011b si uvnit\u0159 vyt\u0159eme a vysajeme a teprve pot\u00e9 pokra\u010dujeme s v\u00fdm\u011bnou \u0161atn\u00edku. Nev\u00edm jak vy, [&hellip;]","datePublished":"2025-03-03","dateModified":"2023-04-29","author":{"@type":"Person","@id":"https:\/\/www.carmela.cz\/author\/#Person","name":"carmela.cz\n","url":"https:\/\/www.carmela.cz\/author\/","identifier":1,"image":{"@type":"ImageObject","@id":"https:\/\/secure.gravatar.com\/avatar\/c36ac855b1ee9cce96e09824fb5426d6eaccd04233fbf51e04e067ccd1b5fe13?s=96&d=mm&r=g","url":"https:\/\/secure.gravatar.com\/avatar\/c36ac855b1ee9cce96e09824fb5426d6eaccd04233fbf51e04e067ccd1b5fe13?s=96&d=mm&r=g","height":96,"width":96}},"publisher":{"@type":"Organization","name":"carmela.cz","logo":{"@type":"ImageObject","@id":"\/logo.png","url":"\/logo.png","width":600,"height":60}},"image":{"@type":"ImageObject","@id":"https:\/\/www.carmela.cz\/wp-content\/uploads\/img_a342311_w1968_t1555158821.jpg","url":"https:\/\/www.carmela.cz\/wp-content\/uploads\/img_a342311_w1968_t1555158821.jpg","height":0,"width":0},"url":"https:\/\/www.carmela.cz\/jarni-modely-pripravit\/","about":["M\u00f3da"],"wordCount":457,"articleBody":"Ne\u017e v\u0161ak za\u010dneme s v\u00fdm\u011bnou \u0161atn\u00edku, pot\u0159ebujeme si b\u00fdt jist\u00e9, \u017ee opravdu je tu jaro v cel\u00e9 sv\u00e9 par\u00e1d\u011b. Pokud u\u017e v\u00edme, \u017ee jaro je tu, zpravidla v\u0161echny to provedeme stejn\u011b. Za hezk\u00e9ho dne vynd\u00e1me za sk\u0159\u00edn\u00ed v\u0161echno oble\u010den\u00ed, sk\u0159\u00edn\u011b si uvnit\u0159 vyt\u0159eme a vysajeme a teprve pot\u00e9 pokra\u010dujeme s v\u00fdm\u011bnou \u0161atn\u00edku.\tNev\u00edm jak vy, ale j\u00e1 osobn\u011b m\u00e1m ve sk\u0159\u00edni v\u017edy v\u00fdhradn\u011b vypran\u00e9 oble\u010den\u00ed a jednou no\u0161en\u00e9 oble\u010den\u00ed z\u00e1sadn\u011b neukl\u00edz\u00edm do sk\u0159\u00edn\u011b s \u010dist\u00fdmi od\u011bvy. M\u00e1m na tyto v\u011bci speci\u00e1ln\u00ed \u0161upl\u00edk, tak\u017ee v\u0161echny v\u011bci, kter\u00e9 ve sk\u0159\u00edni m\u00e1m, jsou \u010dist\u00e9 a vypran\u00e9. Proto rovnou m\u016f\u017eu za\u010d\u00edt s t\u0159\u00edd\u011bn\u00edm.\t\t\u2022\u00a0\u00a0\u00a0\u00a0\u00a0\u00a0\u00a0 Typicky zimn\u00ed v\u011bci\tMezi tyto v\u011bci \u0159ad\u00edm kab\u00e1ty, bundy, chundelat\u00e9 svetry, \u0161\u00e1ly, \u010depice, pleten\u00e9 \u0161aty, rol\u00e1ky a podobn\u00e9 v\u011bci. Rozhodn\u011b v\u00edm, \u017ee tyto v\u011bci nebudu postr\u00e1dat ani na ja\u0159e, ani v l\u00e9t\u011b, ani na podzim. Prost\u011b jsou to typicky zimn\u00ed v\u011bci. Ty si hezky poskl\u00e1d\u00e1m do pytl\u016f a naskl\u00e1d\u00e1m do krabice.\t\u2022\u00a0\u00a0\u00a0\u00a0\u00a0\u00a0\u00a0 V\u011bci k oprav\u011b\tMezi oble\u010den\u00edm, kter\u00e9 je\u0161t\u011b hodl\u00e1m v p\u0159\u00ed\u0161t\u00ed zim\u011b nosit \u010dasto naraz\u00edm p\u0159i gener\u00e1ln\u00edm \u00faklidu na v\u011bci, kter\u00e9 je t\u0159eba spravit. A\u0165 se jedn\u00e1 o podpatky na zimn\u00edch bot\u00e1ch, rozbit\u00fd zip \u010di roztr\u017een\u00fd svetr, jsou to v\u011bci, kter\u00e9 je nutn\u00e9 spravit. Nejprve se pod\u00edv\u00e1m v\u017edy na rozs\u00e1hlost \u0161kody, pot\u00e9 vyhodnot\u00edm, jestli je\u0161t\u011b stoj\u00ed za opravu \u010di nikoli. Pokud ne, nemilosrdn\u011b je vyhod\u00ed, pokud ano, d\u00e1m na zvl\u00e1\u0161tn\u00ed hrom\u00e1dku, kde m\u00e1m v\u011bci k oprav\u011b.\t\t\u2022\u00a0\u00a0\u00a0\u00a0\u00a0\u00a0\u00a0 V\u011bci k vy\u0159azen\u00ed\tPokud p\u0159i \u00faklidu naraz\u00edm na v\u011bci, kter\u00e9 jsem celou zimu nem\u011bla na sob\u011b, hovo\u0159\u00edme-li o zimn\u00edch v\u011bcech, nemilosrdn\u011b je vy\u0159ad\u00edm ze sv\u00e9ho \u0161atn\u00edku. Nevyhazuji od\u011bvy do odpadk\u016f. V prvn\u00ed \u0159ad\u011b p\u0159ekontroluji, jestli jsou v\u011bci v po\u0159\u00e1dku. Pot\u00e9 zv\u00e1\u017e\u00edm, jestli by je n\u011bkdo je\u0161t\u011b ocenil a mohl nosit. Pokud ano, pokus\u00edm se je prodat p\u0159es bazar, pokud ne, p\u0159ed\u00e1v\u00e1m je na charitu.\tKdy\u017e m\u00e1m takto od\u011bvy rozd\u011blen\u00e9, rozt\u0159\u00edd\u011bn\u00e9 a p\u0159ekontrolovan\u00e9, uklid\u00edm je na sv\u00e9 m\u00edsto, odnesu, kam pot\u0159ebuji, a\u0165 u\u017e ke spraven\u00ed \u010di na charitu a vybal\u00edm si do sk\u0159\u00edn\u011b jarn\u00ed a letn\u00ed oble\u010den\u00ed. A boty tak\u00e9, samoz\u0159ejm\u011b!\t\u00a0                                                                                                                                                                                                                                                                                                                                                                                        4.9\/5 - (8 votes)        "},{"@context":"https:\/\/schema.org\/","@type":"BreadcrumbList","itemListElement":[{"@type":"ListItem","position":1,"name":"Jarn\u00ed modely p\u0159ipravit!","item":"https:\/\/www.carmela.cz\/jarni-modely-pripravit\/#breadcrumbitem"}]}]