[{"@context":"https:\/\/schema.org\/","@type":"Article","@id":"https:\/\/www.carmela.cz\/moderni-forma-umeni\/#Article","mainEntityOfPage":"https:\/\/www.carmela.cz\/moderni-forma-umeni\/","headline":"Modern\u00ed forma um\u011bn\u00ed","name":"Modern\u00ed forma um\u011bn\u00ed","description":"Vyzdoben\u00fd interi\u00e9r m\u00e1 dnes doma \u00fapln\u011b ka\u017ed\u00fd. Obvykle se ov\u0161em jedn\u00e1 o r\u016fzn\u00e9 v\u00e1zi\u010dky, pokojov\u00e9 kv\u011btiny \u010di druho\u0159ad\u00e9 malby. Na\u0161e firma V\u00e1m m\u016f\u017ee nab\u00eddnout kvalitn\u00ed um\u011bn\u00ed za bezkonkuren\u010dn\u011b n\u00edzk\u00e9 ceny. Nebudeme po V\u00e1s cht\u00edt statis\u00edce ba dokonce ani des\u00edtky tis\u00edc. U n\u00e1s si m\u016f\u017eete po\u0159\u00eddit z \u0161irok\u00e9ho v\u00fdb\u011bru modern\u00edch obraz\u016f na st\u011bnu, kter\u00e9 V\u00e1s budou [&hellip;]","datePublished":"2024-11-27","dateModified":"2024-11-27","author":{"@type":"Person","@id":"https:\/\/www.carmela.cz\/author\/#Person","name":"carmela.cz\n","url":"https:\/\/www.carmela.cz\/author\/","identifier":1,"image":{"@type":"ImageObject","@id":"https:\/\/secure.gravatar.com\/avatar\/c36ac855b1ee9cce96e09824fb5426d6eaccd04233fbf51e04e067ccd1b5fe13?s=96&d=mm&r=g","url":"https:\/\/secure.gravatar.com\/avatar\/c36ac855b1ee9cce96e09824fb5426d6eaccd04233fbf51e04e067ccd1b5fe13?s=96&d=mm&r=g","height":96,"width":96}},"publisher":{"@type":"Organization","name":"carmela.cz","logo":{"@type":"ImageObject","@id":"\/logo.png","url":"\/logo.png","width":600,"height":60}},"url":"https:\/\/www.carmela.cz\/moderni-forma-umeni\/","wordCount":181,"articleBody":"Vyzdoben\u00fd interi\u00e9r m\u00e1 dnes doma \u00fapln\u011b ka\u017ed\u00fd. Obvykle se ov\u0161em jedn\u00e1 o r\u016fzn\u00e9 v\u00e1zi\u010dky, pokojov\u00e9 kv\u011btiny \u010di druho\u0159ad\u00e9 malby. Na\u0161e firma V\u00e1m m\u016f\u017ee nab\u00eddnout kvalitn\u00ed um\u011bn\u00ed za bezkonkuren\u010dn\u011b n\u00edzk\u00e9 ceny. Nebudeme po V\u00e1s cht\u00edt statis\u00edce ba dokonce ani des\u00edtky tis\u00edc. U n\u00e1s si m\u016f\u017eete po\u0159\u00eddit z \u0161irok\u00e9ho v\u00fdb\u011bru modern\u00edch obraz\u016f na st\u011bnu, kter\u00e9 V\u00e1s budou st\u00e1t pouze p\u00e1r tis\u00edcovek. M\u016f\u017eete se z nich t\u011b\u0161it desetilet\u00ed V\u011bt\u0161ina modern\u00edch obraz\u016f m\u00e1 jeden probl\u00e9m \u2013 st\u00e1rnut\u00ed. Um\u011blci obvykle nevyu\u017e\u00edvaj\u00ed ke sv\u00e9 pr\u00e1ci ty nejlep\u0161\u00ed materi\u00e1ly a po p\u00e1r letech je to na v\u00fdsledku zn\u00e1t. Vybledl\u00e9 barvy jsou asi nej\u010dast\u011bj\u0161\u00edm probl\u00e9mem. Proto na\u0161i um\u011blci maj\u00ed k dispozici jen to nejlep\u0161\u00ed. Nejedn\u00e1 se pouze o barvy a pl\u00e1tna, ale rovn\u011b\u017e o fotografick\u00fd pap\u00edr. Investice do kvality se toti\u017e v\u017edy vyplat\u00ed.                                                                                                                                                                                                                                                                                                                                                                                        3.5\/5 - (4 votes)        "},{"@context":"https:\/\/schema.org\/","@type":"BreadcrumbList","itemListElement":[{"@type":"ListItem","position":1,"name":"Modern\u00ed forma um\u011bn\u00ed","item":"https:\/\/www.carmela.cz\/moderni-forma-umeni\/#breadcrumbitem"}]}]