[{"@context":"https:\/\/schema.org\/","@type":"Blog","@id":"https:\/\/www.carmela.cz#Blog","headline":"Carmela","description":"\nR\u00e1di si ob\u010das d\u00e1te n\u011bjakou zm\u011bnu, vykou\u0161\u00edte n\u011bco nov\u00e9ho a r\u00e1di nach\u00e1z\u00edte tipy i rady? Pokud byste cht\u011bli hledat z\u00e1bavnou formou, ur\u010dit\u011b zkuste za\u010d\u00edt \u010d\u00edst n\u00e1\u0161 internetov\u00fd magaz\u00edn, proto\u017ee stoj\u00ed za to.","url":"https:\/\/www.carmela.cz","hasPart":[{"@type":"Article","@id":"https:\/\/www.carmela.cz\/na-tempu-zalezi\/","headline":"Na tempu z\u00e1le\u017e\u00ed","url":"https:\/\/www.carmela.cz\/na-tempu-zalezi\/","datePublished":"2024-11-02","dateModified":"2024-11-02","mainEntityOfPage":"https:\/\/www.carmela.cz\/na-tempu-zalezi\/","author":{"@type":"Person","@id":"https:\/\/www.carmela.cz\/author\/#Person","name":"carmela.cz\n","url":"https:\/\/www.carmela.cz\/author\/","identifier":1,"image":{"@type":"ImageObject","@id":"https:\/\/secure.gravatar.com\/avatar\/c36ac855b1ee9cce96e09824fb5426d6eaccd04233fbf51e04e067ccd1b5fe13?s=96&d=mm&r=g","url":"https:\/\/secure.gravatar.com\/avatar\/c36ac855b1ee9cce96e09824fb5426d6eaccd04233fbf51e04e067ccd1b5fe13?s=96&d=mm&r=g","height":96,"width":96}},"publisher":{"@type":"Organization","name":"carmela.cz","logo":{"@type":"ImageObject","@id":"\/logo.png","url":"\/logo.png","width":600,"height":60}},"image":null,"wordCount":297,"keywords":null},{"@type":"Article","@id":"https:\/\/www.carmela.cz\/obrovsky-vyber-sedacich-souprav-ceka-prave-na-vas\/","headline":"Obrovsk\u00fd v\u00fdb\u011br sedac\u00edch souprav \u010dek\u00e1 pr\u00e1v\u011b na v\u00e1s","url":"https:\/\/www.carmela.cz\/obrovsky-vyber-sedacich-souprav-ceka-prave-na-vas\/","datePublished":"2024-10-22","dateModified":"2024-10-22","mainEntityOfPage":"https:\/\/www.carmela.cz\/obrovsky-vyber-sedacich-souprav-ceka-prave-na-vas\/","author":{"@type":"Person","@id":"https:\/\/www.carmela.cz\/author\/#Person","name":"carmela.cz\n","url":"https:\/\/www.carmela.cz\/author\/","identifier":1,"image":{"@type":"ImageObject","@id":"https:\/\/secure.gravatar.com\/avatar\/c36ac855b1ee9cce96e09824fb5426d6eaccd04233fbf51e04e067ccd1b5fe13?s=96&d=mm&r=g","url":"https:\/\/secure.gravatar.com\/avatar\/c36ac855b1ee9cce96e09824fb5426d6eaccd04233fbf51e04e067ccd1b5fe13?s=96&d=mm&r=g","height":96,"width":96}},"publisher":{"@type":"Organization","name":"carmela.cz","logo":{"@type":"ImageObject","@id":"\/logo.png","url":"\/logo.png","width":600,"height":60}},"image":null,"wordCount":265,"keywords":null},{"@type":"Article","@id":"https:\/\/www.carmela.cz\/nabizime-strukturalne-clenity-a-obsahove-zajimavy-program\/","headline":"Nab\u00edz\u00edme struktur\u00e1ln\u011b \u010dlenit\u00fd a obsahov\u011b zaj\u00edmav\u00fd program","url":"https:\/\/www.carmela.cz\/nabizime-strukturalne-clenity-a-obsahove-zajimavy-program\/","datePublished":"2024-10-19","dateModified":"2024-10-19","mainEntityOfPage":"https:\/\/www.carmela.cz\/nabizime-strukturalne-clenity-a-obsahove-zajimavy-program\/","author":{"@type":"Person","@id":"https:\/\/www.carmela.cz\/author\/#Person","name":"carmela.cz\n","url":"https:\/\/www.carmela.cz\/author\/","identifier":1,"image":{"@type":"ImageObject","@id":"https:\/\/secure.gravatar.com\/avatar\/c36ac855b1ee9cce96e09824fb5426d6eaccd04233fbf51e04e067ccd1b5fe13?s=96&d=mm&r=g","url":"https:\/\/secure.gravatar.com\/avatar\/c36ac855b1ee9cce96e09824fb5426d6eaccd04233fbf51e04e067ccd1b5fe13?s=96&d=mm&r=g","height":96,"width":96}},"publisher":{"@type":"Organization","name":"carmela.cz","logo":{"@type":"ImageObject","@id":"\/logo.png","url":"\/logo.png","width":600,"height":60}},"image":null,"wordCount":284,"keywords":null},{"@type":"Article","@id":"https:\/\/www.carmela.cz\/aby-vam-telefon-dlouho-vydrzel\/","headline":"Aby v\u00e1m telefon dlouho vydr\u017eel","url":"https:\/\/www.carmela.cz\/aby-vam-telefon-dlouho-vydrzel\/","datePublished":"2024-05-19","dateModified":"2024-05-19","mainEntityOfPage":"https:\/\/www.carmela.cz\/aby-vam-telefon-dlouho-vydrzel\/","author":{"@type":"Person","@id":"https:\/\/www.carmela.cz\/author\/#Person","name":"carmela.cz\n","url":"https:\/\/www.carmela.cz\/author\/","identifier":1,"image":{"@type":"ImageObject","@id":"https:\/\/secure.gravatar.com\/avatar\/c36ac855b1ee9cce96e09824fb5426d6eaccd04233fbf51e04e067ccd1b5fe13?s=96&d=mm&r=g","url":"https:\/\/secure.gravatar.com\/avatar\/c36ac855b1ee9cce96e09824fb5426d6eaccd04233fbf51e04e067ccd1b5fe13?s=96&d=mm&r=g","height":96,"width":96}},"publisher":{"@type":"Organization","name":"carmela.cz","logo":{"@type":"ImageObject","@id":"\/logo.png","url":"\/logo.png","width":600,"height":60}},"image":{"@type":"ImageObject","@id":"https:\/\/www.carmela.cz\/wp-content\/uploads\/pexels-cottonbro-studio-5083491_9.jpg","url":"https:\/\/www.carmela.cz\/wp-content\/uploads\/pexels-cottonbro-studio-5083491_9.jpg","height":0,"width":0},"wordCount":514,"keywords":null},{"@type":"Article","@id":"https:\/\/www.carmela.cz\/mezinarodni-preprava-od-nas-je-spravnym-resenim\/","headline":"Mezin\u00e1rodn\u00ed p\u0159eprava od n\u00e1s je spr\u00e1vn\u00fdm \u0159e\u0161en\u00edm","url":"https:\/\/www.carmela.cz\/mezinarodni-preprava-od-nas-je-spravnym-resenim\/","datePublished":"2024-05-02","dateModified":"2024-05-02","mainEntityOfPage":"https:\/\/www.carmela.cz\/mezinarodni-preprava-od-nas-je-spravnym-resenim\/","author":{"@type":"Person","@id":"https:\/\/www.carmela.cz\/author\/#Person","name":"carmela.cz\n","url":"https:\/\/www.carmela.cz\/author\/","identifier":1,"image":{"@type":"ImageObject","@id":"https:\/\/secure.gravatar.com\/avatar\/c36ac855b1ee9cce96e09824fb5426d6eaccd04233fbf51e04e067ccd1b5fe13?s=96&d=mm&r=g","url":"https:\/\/secure.gravatar.com\/avatar\/c36ac855b1ee9cce96e09824fb5426d6eaccd04233fbf51e04e067ccd1b5fe13?s=96&d=mm&r=g","height":96,"width":96}},"publisher":{"@type":"Organization","name":"carmela.cz","logo":{"@type":"ImageObject","@id":"\/logo.png","url":"\/logo.png","width":600,"height":60}},"image":null,"wordCount":293,"keywords":null},{"@type":"Article","@id":"https:\/\/www.carmela.cz\/ruzne-strechy\/","headline":"R\u016fzn\u00e9 st\u0159echy.","url":"https:\/\/www.carmela.cz\/ruzne-strechy\/","datePublished":"2024-04-27","dateModified":"2024-06-26","mainEntityOfPage":"https:\/\/www.carmela.cz\/ruzne-strechy\/","author":{"@type":"Person","@id":"https:\/\/www.carmela.cz\/author\/#Person","name":"carmela.cz\n","url":"https:\/\/www.carmela.cz\/author\/","identifier":1,"image":{"@type":"ImageObject","@id":"https:\/\/secure.gravatar.com\/avatar\/c36ac855b1ee9cce96e09824fb5426d6eaccd04233fbf51e04e067ccd1b5fe13?s=96&d=mm&r=g","url":"https:\/\/secure.gravatar.com\/avatar\/c36ac855b1ee9cce96e09824fb5426d6eaccd04233fbf51e04e067ccd1b5fe13?s=96&d=mm&r=g","height":96,"width":96}},"publisher":{"@type":"Organization","name":"carmela.cz","logo":{"@type":"ImageObject","@id":"\/logo.png","url":"\/logo.png","width":600,"height":60}},"image":{"@type":"ImageObject","@id":"https:\/\/www.carmela.cz\/wp-content\/uploads\/pool-5055009_640_10_10_4.jpg","url":"https:\/\/www.carmela.cz\/wp-content\/uploads\/pool-5055009_640_10_10_4.jpg","height":0,"width":0},"wordCount":560,"keywords":null},{"@type":"Article","@id":"https:\/\/www.carmela.cz\/kvalitni-zpracovani\/","headline":"Kvalitn\u00ed zpracov\u00e1n\u00ed","url":"https:\/\/www.carmela.cz\/kvalitni-zpracovani\/","datePublished":"2024-04-20","dateModified":"2024-04-20","mainEntityOfPage":"https:\/\/www.carmela.cz\/kvalitni-zpracovani\/","author":{"@type":"Person","@id":"https:\/\/www.carmela.cz\/author\/#Person","name":"carmela.cz\n","url":"https:\/\/www.carmela.cz\/author\/","identifier":1,"image":{"@type":"ImageObject","@id":"https:\/\/secure.gravatar.com\/avatar\/c36ac855b1ee9cce96e09824fb5426d6eaccd04233fbf51e04e067ccd1b5fe13?s=96&d=mm&r=g","url":"https:\/\/secure.gravatar.com\/avatar\/c36ac855b1ee9cce96e09824fb5426d6eaccd04233fbf51e04e067ccd1b5fe13?s=96&d=mm&r=g","height":96,"width":96}},"publisher":{"@type":"Organization","name":"carmela.cz","logo":{"@type":"ImageObject","@id":"\/logo.png","url":"\/logo.png","width":600,"height":60}},"image":null,"wordCount":290,"keywords":null},{"@type":"Article","@id":"https:\/\/www.carmela.cz\/pro-vase-vlasy-i-telo\/","headline":"Pro va\u0161e vlasy i t\u011blo","url":"https:\/\/www.carmela.cz\/pro-vase-vlasy-i-telo\/","datePublished":"2024-04-15","dateModified":"2024-04-15","mainEntityOfPage":"https:\/\/www.carmela.cz\/pro-vase-vlasy-i-telo\/","author":{"@type":"Person","@id":"https:\/\/www.carmela.cz\/author\/#Person","name":"carmela.cz\n","url":"https:\/\/www.carmela.cz\/author\/","identifier":1,"image":{"@type":"ImageObject","@id":"https:\/\/secure.gravatar.com\/avatar\/c36ac855b1ee9cce96e09824fb5426d6eaccd04233fbf51e04e067ccd1b5fe13?s=96&d=mm&r=g","url":"https:\/\/secure.gravatar.com\/avatar\/c36ac855b1ee9cce96e09824fb5426d6eaccd04233fbf51e04e067ccd1b5fe13?s=96&d=mm&r=g","height":96,"width":96}},"publisher":{"@type":"Organization","name":"carmela.cz","logo":{"@type":"ImageObject","@id":"\/logo.png","url":"\/logo.png","width":600,"height":60}},"image":null,"wordCount":282,"keywords":null},{"@type":"Article","@id":"https:\/\/www.carmela.cz\/vydelejte-si-penize-jednoduse-a-bez-investice\/","headline":"Vyd\u011blejte si pen\u00edze jednodu\u0161e a bez investice","url":"https:\/\/www.carmela.cz\/vydelejte-si-penize-jednoduse-a-bez-investice\/","datePublished":"2024-04-07","dateModified":"2024-04-07","mainEntityOfPage":"https:\/\/www.carmela.cz\/vydelejte-si-penize-jednoduse-a-bez-investice\/","author":{"@type":"Person","@id":"https:\/\/www.carmela.cz\/author\/#Person","name":"carmela.cz\n","url":"https:\/\/www.carmela.cz\/author\/","identifier":1,"image":{"@type":"ImageObject","@id":"https:\/\/secure.gravatar.com\/avatar\/c36ac855b1ee9cce96e09824fb5426d6eaccd04233fbf51e04e067ccd1b5fe13?s=96&d=mm&r=g","url":"https:\/\/secure.gravatar.com\/avatar\/c36ac855b1ee9cce96e09824fb5426d6eaccd04233fbf51e04e067ccd1b5fe13?s=96&d=mm&r=g","height":96,"width":96}},"publisher":{"@type":"Organization","name":"carmela.cz","logo":{"@type":"ImageObject","@id":"\/logo.png","url":"\/logo.png","width":600,"height":60}},"image":null,"wordCount":298,"keywords":null},{"@type":"Article","@id":"https:\/\/www.carmela.cz\/s-krbem-a-vsim-okolo-je-vhodne-kontaktovat-profesionala\/","headline":"S krbem a v\u0161\u00edm okolo je vhodn\u00e9 kontaktovat profesion\u00e1la","url":"https:\/\/www.carmela.cz\/s-krbem-a-vsim-okolo-je-vhodne-kontaktovat-profesionala\/","datePublished":"2024-03-31","dateModified":"2024-03-31","mainEntityOfPage":"https:\/\/www.carmela.cz\/s-krbem-a-vsim-okolo-je-vhodne-kontaktovat-profesionala\/","author":{"@type":"Person","@id":"https:\/\/www.carmela.cz\/author\/#Person","name":"carmela.cz\n","url":"https:\/\/www.carmela.cz\/author\/","identifier":1,"image":{"@type":"ImageObject","@id":"https:\/\/secure.gravatar.com\/avatar\/c36ac855b1ee9cce96e09824fb5426d6eaccd04233fbf51e04e067ccd1b5fe13?s=96&d=mm&r=g","url":"https:\/\/secure.gravatar.com\/avatar\/c36ac855b1ee9cce96e09824fb5426d6eaccd04233fbf51e04e067ccd1b5fe13?s=96&d=mm&r=g","height":96,"width":96}},"publisher":{"@type":"Organization","name":"carmela.cz","logo":{"@type":"ImageObject","@id":"\/logo.png","url":"\/logo.png","width":600,"height":60}},"image":null,"wordCount":299,"keywords":null}]},{"@context":"https:\/\/schema.org","@type":"WebSite","@id":"https:\/\/www.carmela.cz\/#website","name":"Carmela","url":"https:\/\/www.carmela.cz","potentialAction":{"@type":"SearchAction","target":"https:\/\/www.carmela.cz\/?s={search_term_string}","query-input":"required name=search_term_string"}}]