[{"@context":"https:\/\/schema.org\/","@type":"Article","@id":"https:\/\/www.carmela.cz\/ztrata-ridicskeho-opravneni\/#Article","mainEntityOfPage":"https:\/\/www.carmela.cz\/ztrata-ridicskeho-opravneni\/","headline":"Ztr\u00e1ta \u0159idi\u010dsk\u00e9ho opr\u00e1vn\u011bn\u00ed","name":"Ztr\u00e1ta \u0159idi\u010dsk\u00e9ho opr\u00e1vn\u011bn\u00ed","description":"Je to z\u00e1le\u017eitost, kter\u00e1 se ka\u017ed\u00e9ho v nemal\u00e9 m\u00ed\u0159e dotkne. Zvl\u00e1\u0161t\u011b, kdy\u017e dosud jezdil bez nehod a r\u00e1d. Je\u0161t\u011b v\u011bt\u0161\u00ed dopad na \u017eivot \u010dlov\u011bka m\u00e1 tato situace, kdy\u017e auto pot\u0159ebuje k zvl\u00e1dnut\u00ed denn\u00edch \u010dinnost\u00ed nebo je dokonce \u0159idi\u010dem z povol\u00e1n\u00ed. V\u011bt\u0161ina z n\u00e1s si v\u016fbec ani neum\u00ed p\u0159edstavit, \u017ee by n\u00e1m n\u011bkdo \u0159idi\u010dsk\u00fd pr\u016fkaz sebral. [&hellip;]","datePublished":"2025-03-03","dateModified":"2023-04-29","author":{"@type":"Person","@id":"https:\/\/www.carmela.cz\/author\/#Person","name":"carmela.cz\n","url":"https:\/\/www.carmela.cz\/author\/","identifier":1,"image":{"@type":"ImageObject","@id":"https:\/\/secure.gravatar.com\/avatar\/c36ac855b1ee9cce96e09824fb5426d6eaccd04233fbf51e04e067ccd1b5fe13?s=96&d=mm&r=g","url":"https:\/\/secure.gravatar.com\/avatar\/c36ac855b1ee9cce96e09824fb5426d6eaccd04233fbf51e04e067ccd1b5fe13?s=96&d=mm&r=g","height":96,"width":96}},"publisher":{"@type":"Organization","name":"carmela.cz","logo":{"@type":"ImageObject","@id":"\/logo.png","url":"\/logo.png","width":600,"height":60}},"image":{"@type":"ImageObject","@id":"https:\/\/www.carmela.cz\/wp-content\/uploads\/img_a313446_w1968_t1524167938.jpg","url":"https:\/\/www.carmela.cz\/wp-content\/uploads\/img_a313446_w1968_t1524167938.jpg","height":0,"width":0},"url":"https:\/\/www.carmela.cz\/ztrata-ridicskeho-opravneni\/","about":["Auto moto"],"wordCount":407,"articleBody":"Je to z\u00e1le\u017eitost, kter\u00e1 se ka\u017ed\u00e9ho v nemal\u00e9 m\u00ed\u0159e dotkne. Zvl\u00e1\u0161t\u011b, kdy\u017e dosud jezdil bez nehod a r\u00e1d. Je\u0161t\u011b v\u011bt\u0161\u00ed dopad na \u017eivot \u010dlov\u011bka m\u00e1 tato situace, kdy\u017e auto pot\u0159ebuje k zvl\u00e1dnut\u00ed denn\u00edch \u010dinnost\u00ed nebo je dokonce \u0159idi\u010dem z povol\u00e1n\u00ed. V\u011bt\u0161ina z n\u00e1s si v\u016fbec ani neum\u00ed p\u0159edstavit, \u017ee by n\u00e1m n\u011bkdo \u0159idi\u010dsk\u00fd pr\u016fkaz sebral. M\u00e1me pocit, \u017ee na to nikdo nem\u00e1 pr\u00e1vo, kdy\u017e jsme auto\u0161kolu zvl\u00e1dli, \u0159idi\u010dsk\u00fd pr\u016fkaz u\u017e jednou m\u00e1me a \u017e\u00e1dn\u00e9 p\u0159estupky ned\u011bl\u00e1me. Nen\u00ed se co divit, \u017ee ka\u017ed\u00fd se okam\u017eit\u011b br\u00e1n\u00ed a cloumaj\u00ed j\u00edm emoce. \t\u00a0\tZodpov\u011bdnost \t\u0158idi\u010dsk\u00e9 opr\u00e1vn\u011bn\u00ed se bere na z\u00e1klad\u011b rozhodnut\u00ed l\u00e9ka\u0159e a pro to u\u017e mus\u00ed b\u00fdt z\u00e1va\u017en\u00e9 d\u016fvody. Ale zodpov\u011bdnost sch\u00e1z\u00ed mnoha i jinak zdrav\u00fdm lidem. Sedaj\u00ed za volant, i kdy\u017e v\u00ed, \u017ee se skute\u010dn\u011b zrovna nec\u00edt\u00ed dob\u0159e nebo berou l\u00e9ky, kter\u00e9 je celkov\u011b utlumuj\u00ed. Ka\u017ed\u00fd v\u00ed, co zpomalen\u00e9 reakce \u0159idi\u010de mohou zp\u016fsobit. Nadm\u011brnou \u00fanavu, nevolnost, rozru\u0161en\u00ed a celkov\u011b \u0161patnou moment\u00e1ln\u00ed kondici podce\u0148ujeme, ale m\u016f\u017ee b\u00fdt stejn\u011b nebezpe\u010dn\u00e1 jako j\u00edzda pod vlivem alkoholu. Kolik lid\u00ed sed\u00e1 za volant po probd\u011bl\u00e9 noci, kdy alkohol ji\u017e z krve sice vymizel, ale schopnost spr\u00e1vn\u011b \u0159\u00eddit je p\u0159esto ohro\u017eena. Jist\u011b by bylo o mnoho dopravn\u00edch nehod m\u00e9n\u011b, kdyby byli v\u0161ichni \u0159idi\u010di v\u00edce zodpov\u011bdn\u00ed.\t\u00a0\tSoudnost\tMnoz\u00ed pacienti si jen neradi p\u0159ipou\u0161t\u00ed, \u017ee v d\u016fsledku svoj\u00ed choroby \u0159\u00eddit auto skute\u010dn\u011b nemohou. Chorob, s kter\u00fdmi se nesm\u00ed \u0159\u00eddit, je pom\u011brn\u011b mnoho a loni byl jejich seznam je\u0161t\u011b roz\u0161\u00ed\u0159en o chronick\u00e1 srde\u010dn\u00ed a c\u00e9vn\u00ed onemocn\u011bn\u00ed, kdy stejn\u011b jako u epilepsie hroz\u00ed ne\u010dekan\u00e9 riziko z\u00e1chvatu. V d\u016fsledku nemoc\u00ed toti\u017e st\u00e1le p\u0159ib\u00fdv\u00e1 lid\u00ed, kte\u0159\u00ed p\u0159i \u0159\u00edzen\u00ed um\u00edraj\u00ed. Kardiak\u016f \u0159idi\u010d\u016f je ur\u010dit\u011b mnoho a jejich situace se novou vyhl\u00e1\u0161kou zhor\u0161\u00ed, ale je t\u0159eba b\u00fdt soudn\u00ed a uv\u011bdomit si, co kdybych kv\u016fli sv\u00e9 chorob\u011b zranil nebo usmrtil d\u00edt\u011b? Zde tak\u00e9 hodn\u011b z\u00e1le\u017e\u00ed na sv\u011bdom\u00ed l\u00e9ka\u0159e nebo psychologa, kte\u0159\u00ed o povolen\u00ed \u0159\u00edzen\u00ed rozhoduj\u00ed.                                                                                                                                                                                                                                                                                                                                                                                        4.7\/5 - (6 votes)        "},{"@context":"https:\/\/schema.org\/","@type":"BreadcrumbList","itemListElement":[{"@type":"ListItem","position":1,"name":"Ztr\u00e1ta \u0159idi\u010dsk\u00e9ho opr\u00e1vn\u011bn\u00ed","item":"https:\/\/www.carmela.cz\/ztrata-ridicskeho-opravneni\/#breadcrumbitem"}]}]